{"id":1181,"date":"2026-01-19T15:21:25","date_gmt":"2026-01-19T14:21:25","guid":{"rendered":"https:\/\/musikzug.feuerwehr-bad-lippspringe.de\/?p=1181"},"modified":"2026-01-19T15:21:26","modified_gmt":"2026-01-19T14:21:26","slug":"die-neue-blaeserklasse-ist-gestartet","status":"publish","type":"post","link":"https:\/\/musikzug.feuerwehr-bad-lippspringe.de\/?p=1181","title":{"rendered":"Die neue Bl\u00e4serklasse ist gestartet!"},"content":{"rendered":"\n<p>Im Herbst ist die Bl\u00e4serklasse des Musikzugs der Freiwilligen Feuerwehr Bad Lippspringe<br>bereits zum zweiten Mal mit 17 Anf\u00e4ngern gestartet. Das Angebot richtet sich dieses Mal<br>an Kinder und Erwachsene, die gemeinsam den Einstieg in die Blasmusik finden m\u00f6chten.<br>Ziel der Bl\u00e4serklasse ist es, musikalische Grundlagen zu vermitteln und von Anfang an<br>das Zusammenspiel im Ensemble zu f\u00f6rdern. Gleichzeitig soll das Projekt den Musikzug<br>langfristig st\u00e4rken.<br>\u201eWir freuen uns sehr \u00fcber das Interesse und dar\u00fcber, dass Menschen unterschiedlicher<br>Altersgruppen gemeinsam musizieren\u201c, sagt Stephan Hauk (1. Vorsitzender) vom<br>Musikzug der Freiwilligen Feuerwehr Bad Lippspringe. \u201eDie Bl\u00e4serklasse bietet einen<br>niedrigschwelligen Einstieg in die Blasmusik und zeigt, wie viel Freude gemeinsames<br>Musizieren machen kann.\u201c<br>Die musikalischen Lernanf\u00e4nger erhalten zum einen Unterricht in Kleingruppen und treffen<br>sich immer dienstags um 18.45 Uhr zur Orchesterprobe im neuen Feuerwehrger\u00e4tehaus<br>im Kalli-Gaulke-Weg 2. Geleitet werden die Proben von Svenja Tasche. Betreut wird das<br>gesamte Projekt von Christine Hecht und Stephan Hauk.<\/p>\n\n\n\n<figure class=\"wp-block-image size-large\"><img loading=\"lazy\" decoding=\"async\" width=\"1024\" height=\"461\" src=\"https:\/\/musikzug.feuerwehr-bad-lippspringe.de\/wordpress\/wp-content\/uploads\/2026\/01\/Foto_Blaeserklasse-2026-01-13-at-23.09.10-1024x461.jpeg\" alt=\"\" class=\"wp-image-1182\" srcset=\"https:\/\/musikzug.feuerwehr-bad-lippspringe.de\/wordpress\/wp-content\/uploads\/2026\/01\/Foto_Blaeserklasse-2026-01-13-at-23.09.10-1024x461.jpeg 1024w, https:\/\/musikzug.feuerwehr-bad-lippspringe.de\/wordpress\/wp-content\/uploads\/2026\/01\/Foto_Blaeserklasse-2026-01-13-at-23.09.10-667x300.jpeg 667w, https:\/\/musikzug.feuerwehr-bad-lippspringe.de\/wordpress\/wp-content\/uploads\/2026\/01\/Foto_Blaeserklasse-2026-01-13-at-23.09.10-1536x691.jpeg 1536w, https:\/\/musikzug.feuerwehr-bad-lippspringe.de\/wordpress\/wp-content\/uploads\/2026\/01\/Foto_Blaeserklasse-2026-01-13-at-23.09.10.jpeg 2000w\" sizes=\"auto, (max-width: 1024px) 100vw, 1024px\" \/><\/figure>\n\n\n\n<p><\/p>\n","protected":false},"excerpt":{"rendered":"<p>Im Herbst ist die Bl\u00e4serklasse des Musikzugs der Freiwilligen Feuerwehr Bad Lippspringebereits zum zweiten Mal mit 17 Anf\u00e4ngern gestartet. Das Angebot richtet sich dieses Malan Kinder und Erwachsene, die gemeinsam den Einstieg in die Blasmusik finden m\u00f6chten.Ziel der Bl\u00e4serklasse ist<\/p>\n","protected":false},"author":3,"featured_media":0,"comment_status":"closed","ping_status":"closed","sticky":false,"template":"","format":"standard","meta":{"ngg_post_thumbnail":0,"footnotes":""},"categories":[2],"tags":[],"class_list":["post-1181","post","type-post","status-publish","format-standard","hentry","category-musikzug"],"_links":{"self":[{"href":"https:\/\/musikzug.feuerwehr-bad-lippspringe.de\/index.php?rest_route=\/wp\/v2\/posts\/1181","targetHints":{"allow":["GET"]}}],"collection":[{"href":"https:\/\/musikzug.feuerwehr-bad-lippspringe.de\/index.php?rest_route=\/wp\/v2\/posts"}],"about":[{"href":"https:\/\/musikzug.feuerwehr-bad-lippspringe.de\/index.php?rest_route=\/wp\/v2\/types\/post"}],"author":[{"embeddable":true,"href":"https:\/\/musikzug.feuerwehr-bad-lippspringe.de\/index.php?rest_route=\/wp\/v2\/users\/3"}],"replies":[{"embeddable":true,"href":"https:\/\/musikzug.feuerwehr-bad-lippspringe.de\/index.php?rest_route=%2Fwp%2Fv2%2Fcomments&post=1181"}],"version-history":[{"count":1,"href":"https:\/\/musikzug.feuerwehr-bad-lippspringe.de\/index.php?rest_route=\/wp\/v2\/posts\/1181\/revisions"}],"predecessor-version":[{"id":1183,"href":"https:\/\/musikzug.feuerwehr-bad-lippspringe.de\/index.php?rest_route=\/wp\/v2\/posts\/1181\/revisions\/1183"}],"wp:attachment":[{"href":"https:\/\/musikzug.feuerwehr-bad-lippspringe.de\/index.php?rest_route=%2Fwp%2Fv2%2Fmedia&parent=1181"}],"wp:term":[{"taxonomy":"category","embeddable":true,"href":"https:\/\/musikzug.feuerwehr-bad-lippspringe.de\/index.php?rest_route=%2Fwp%2Fv2%2Fcategories&post=1181"},{"taxonomy":"post_tag","embeddable":true,"href":"https:\/\/musikzug.feuerwehr-bad-lippspringe.de\/index.php?rest_route=%2Fwp%2Fv2%2Ftags&post=1181"}],"curies":[{"name":"wp","href":"https:\/\/api.w.org\/{rel}","templated":true}]}}