{"id":1138,"date":"2024-12-12T17:01:33","date_gmt":"2024-12-12T16:01:33","guid":{"rendered":"https:\/\/musikzug.feuerwehr-bad-lippspringe.de\/?p=1138"},"modified":"2025-10-04T08:19:56","modified_gmt":"2025-10-04T06:19:56","slug":"konzert-2025-musik-kabarett-am-08-maerz","status":"publish","type":"post","link":"https:\/\/musikzug.feuerwehr-bad-lippspringe.de\/?p=1138","title":{"rendered":"Konzert 2025 \u201eMusik &amp; Kabarett\u201c am 08. M\u00e4rz"},"content":{"rendered":"\n<p>Musikzug startet mit Ingo B\u00f6chers in die Konzertsaison<\/p>\n\n\n\n<p>Nun ist es schon Tradition, dass der Musikzug der freiwilligen Feuerwehr Bad Lippspringe alle zwei Jahre ein Konzert im Kongresshaus gibt und sich dazu gerne G\u00e4ste einl\u00e4dt. Am 8. M\u00e4rz 2025, um 19.30 Uhr ist es wieder soweit. Unter dem Motto \u201e Musik &amp; Kabarett\u201c wird Ingo B\u00f6chers, der bekannte Kabarettist, zu Gast sein. Der Abend verspricht eine unterhaltsame Mischung aus moderner Blasmusik unter der Leitung von Hendrik Tasche und pointiertem Kabarett. An kleinen Bistro-Tischen genie\u00dfen Sie eine besondere Atmosph\u00e4re, aber auch k\u00fchle Getr\u00e4nke und kleine Snacks, wenn Sie m\u00f6gen.<\/p>\n\n\n\n<p>Die Sitzplatzkarten k\u00f6nnen in der Buchhandlung Waltemode , Marktstra\u00dfe 1 in Bad Lippspringe ab sofort erworben werden und kosten im Vorverkauf 19,00 \u20ac.<\/p>\n\n\n\n<figure class=\"wp-block-image size-large\"><img loading=\"lazy\" decoding=\"async\" width=\"768\" height=\"1024\" src=\"https:\/\/musikzug.feuerwehr-bad-lippspringe.de\/wordpress\/wp-content\/uploads\/2024\/12\/2024_11_25_digitales_Plakate_Werbetafel_Fruehjahrskonzert_2025-768x1024.jpg\" alt=\"\" class=\"wp-image-1139\" srcset=\"https:\/\/musikzug.feuerwehr-bad-lippspringe.de\/wordpress\/wp-content\/uploads\/2024\/12\/2024_11_25_digitales_Plakate_Werbetafel_Fruehjahrskonzert_2025-768x1024.jpg 768w, https:\/\/musikzug.feuerwehr-bad-lippspringe.de\/wordpress\/wp-content\/uploads\/2024\/12\/2024_11_25_digitales_Plakate_Werbetafel_Fruehjahrskonzert_2025-225x300.jpg 225w, https:\/\/musikzug.feuerwehr-bad-lippspringe.de\/wordpress\/wp-content\/uploads\/2024\/12\/2024_11_25_digitales_Plakate_Werbetafel_Fruehjahrskonzert_2025-1152x1536.jpg 1152w, https:\/\/musikzug.feuerwehr-bad-lippspringe.de\/wordpress\/wp-content\/uploads\/2024\/12\/2024_11_25_digitales_Plakate_Werbetafel_Fruehjahrskonzert_2025-1536x2048.jpg 1536w, https:\/\/musikzug.feuerwehr-bad-lippspringe.de\/wordpress\/wp-content\/uploads\/2024\/12\/2024_11_25_digitales_Plakate_Werbetafel_Fruehjahrskonzert_2025.jpg 1920w\" sizes=\"auto, (max-width: 768px) 100vw, 768px\" \/><\/figure>\n","protected":false},"excerpt":{"rendered":"<p>Musikzug startet mit Ingo B\u00f6chers in die Konzertsaison Nun ist es schon Tradition, dass der Musikzug der freiwilligen Feuerwehr Bad Lippspringe alle zwei Jahre ein Konzert im Kongresshaus gibt und sich dazu gerne G\u00e4ste einl\u00e4dt. Am 8. M\u00e4rz 2025, um<\/p>\n","protected":false},"author":3,"featured_media":0,"comment_status":"closed","ping_status":"closed","sticky":false,"template":"","format":"standard","meta":{"ngg_post_thumbnail":0,"footnotes":""},"categories":[2],"tags":[],"class_list":["post-1138","post","type-post","status-publish","format-standard","hentry","category-musikzug"],"_links":{"self":[{"href":"https:\/\/musikzug.feuerwehr-bad-lippspringe.de\/index.php?rest_route=\/wp\/v2\/posts\/1138","targetHints":{"allow":["GET"]}}],"collection":[{"href":"https:\/\/musikzug.feuerwehr-bad-lippspringe.de\/index.php?rest_route=\/wp\/v2\/posts"}],"about":[{"href":"https:\/\/musikzug.feuerwehr-bad-lippspringe.de\/index.php?rest_route=\/wp\/v2\/types\/post"}],"author":[{"embeddable":true,"href":"https:\/\/musikzug.feuerwehr-bad-lippspringe.de\/index.php?rest_route=\/wp\/v2\/users\/3"}],"replies":[{"embeddable":true,"href":"https:\/\/musikzug.feuerwehr-bad-lippspringe.de\/index.php?rest_route=%2Fwp%2Fv2%2Fcomments&post=1138"}],"version-history":[{"count":1,"href":"https:\/\/musikzug.feuerwehr-bad-lippspringe.de\/index.php?rest_route=\/wp\/v2\/posts\/1138\/revisions"}],"predecessor-version":[{"id":1140,"href":"https:\/\/musikzug.feuerwehr-bad-lippspringe.de\/index.php?rest_route=\/wp\/v2\/posts\/1138\/revisions\/1140"}],"wp:attachment":[{"href":"https:\/\/musikzug.feuerwehr-bad-lippspringe.de\/index.php?rest_route=%2Fwp%2Fv2%2Fmedia&parent=1138"}],"wp:term":[{"taxonomy":"category","embeddable":true,"href":"https:\/\/musikzug.feuerwehr-bad-lippspringe.de\/index.php?rest_route=%2Fwp%2Fv2%2Fcategories&post=1138"},{"taxonomy":"post_tag","embeddable":true,"href":"https:\/\/musikzug.feuerwehr-bad-lippspringe.de\/index.php?rest_route=%2Fwp%2Fv2%2Ftags&post=1138"}],"curies":[{"name":"wp","href":"https:\/\/api.w.org\/{rel}","templated":true}]}}