{"id":1031,"date":"2023-01-28T09:36:28","date_gmt":"2023-01-28T08:36:28","guid":{"rendered":"https:\/\/musikzug.feuerwehr-bad-lippspringe.de\/?p=1031"},"modified":"2025-10-04T08:19:56","modified_gmt":"2025-10-04T06:19:56","slug":"musik-dance","status":"publish","type":"post","link":"https:\/\/musikzug.feuerwehr-bad-lippspringe.de\/?p=1031","title":{"rendered":"Musik &#038; Dance"},"content":{"rendered":"\n<p class=\"has-medium-font-size\">Freuen Sie sich auf einen unterhaltsamen Abend mit toller Musik und tollen G\u00e4sten!<\/p>\n\n\n\n<p>\u201eEndlich spielen wir wieder in diesem besonderen Rahmen \u201c, freuen sich die Musiker, nachdem das Konzert pandemiebedingt nicht im gewohnten Rhythmus, alle zwei Jahre, stattfinden konnte.<\/p>\n\n\n\n<p>In diesem Jahr lautet das Motto \u201eMusik &amp; Dance\u201c. Dazu hat der Musikzug wunderbare G\u00e4ste, zu denen T\u00e4nzer\/innen der Tanzschule M\u00f6llmann und der Tanz- und Ballettschule Sili\u00f3, die Tanzgruppe \u201eDie Quickys und die Sambat\u00e4nzerin Erika da Silva mit ihrem Tanzpartner Bruno geh\u00f6ren, eingeladen. Auch der Musikzug selbst hat sich mit einem h\u00f6renswerten Programm auf den Abend vorbereitet. Neben den Musical-Melodien aus \u201eMary Poppins\u201c und \u201eKultmusik\u201c aus der 80ern werden auch verschiedene Musikst\u00fccke zum Tanz-Motto wie \u201eThe Lord of the dance\u201c und \u201eEspana Cani\u201c erklingen. Lassen Sie sich \u00fcberraschen!<\/p>\n\n\n\n<figure class=\"wp-block-image size-large is-resized\"><img loading=\"lazy\" decoding=\"async\" src=\"https:\/\/musikzug.feuerwehr-bad-lippspringe.de\/wordpress\/wp-content\/uploads\/2023\/01\/Plakat_FFW_Musikzug_A3_2023_01_24_Screen-724x1024.jpg\" alt=\"\" class=\"wp-image-1032\" width=\"362\" height=\"512\" srcset=\"https:\/\/musikzug.feuerwehr-bad-lippspringe.de\/wordpress\/wp-content\/uploads\/2023\/01\/Plakat_FFW_Musikzug_A3_2023_01_24_Screen-724x1024.jpg 724w, https:\/\/musikzug.feuerwehr-bad-lippspringe.de\/wordpress\/wp-content\/uploads\/2023\/01\/Plakat_FFW_Musikzug_A3_2023_01_24_Screen-212x300.jpg 212w, https:\/\/musikzug.feuerwehr-bad-lippspringe.de\/wordpress\/wp-content\/uploads\/2023\/01\/Plakat_FFW_Musikzug_A3_2023_01_24_Screen.jpg 849w\" sizes=\"auto, (max-width: 362px) 100vw, 362px\" \/><\/figure>\n\n\n\n<p>Kommen Sie mit auf eine Reise durch die Welt der Musik und des Tanzes! Am Samstag, den 04. M\u00e4rz 2023 um 19.30 Uhr, freut sich der Musikzug Sie im Kongresshaus zu begr\u00fc\u00dfen. Karten erhalten Sie im Vorverkauf bei \u201eOptik &amp; Mode\u201c (Inh. Andreas Walter, Marktstra\u00dfe 10) in Bad Lippspringe f\u00fcr 19 \u20ac oder an der Abendkasse f\u00fcr 22 \u20ac. Die Pl\u00e4tze w\u00e4hlen Sie schon beim Erwerb der Karten, so dass Sie ganz entspannt den Abend beginnen k\u00f6nnen.<\/p>\n","protected":false},"excerpt":{"rendered":"<p>Freuen Sie sich auf einen unterhaltsamen Abend mit toller Musik und tollen G\u00e4sten! \u201eEndlich spielen wir wieder in diesem besonderen Rahmen \u201c, freuen sich die Musiker, nachdem das Konzert pandemiebedingt nicht im gewohnten Rhythmus, alle zwei Jahre, stattfinden konnte. In<\/p>\n","protected":false},"author":3,"featured_media":0,"comment_status":"closed","ping_status":"closed","sticky":false,"template":"","format":"standard","meta":{"ngg_post_thumbnail":0,"footnotes":""},"categories":[2],"tags":[],"class_list":["post-1031","post","type-post","status-publish","format-standard","hentry","category-musikzug"],"_links":{"self":[{"href":"https:\/\/musikzug.feuerwehr-bad-lippspringe.de\/index.php?rest_route=\/wp\/v2\/posts\/1031","targetHints":{"allow":["GET"]}}],"collection":[{"href":"https:\/\/musikzug.feuerwehr-bad-lippspringe.de\/index.php?rest_route=\/wp\/v2\/posts"}],"about":[{"href":"https:\/\/musikzug.feuerwehr-bad-lippspringe.de\/index.php?rest_route=\/wp\/v2\/types\/post"}],"author":[{"embeddable":true,"href":"https:\/\/musikzug.feuerwehr-bad-lippspringe.de\/index.php?rest_route=\/wp\/v2\/users\/3"}],"replies":[{"embeddable":true,"href":"https:\/\/musikzug.feuerwehr-bad-lippspringe.de\/index.php?rest_route=%2Fwp%2Fv2%2Fcomments&post=1031"}],"version-history":[{"count":6,"href":"https:\/\/musikzug.feuerwehr-bad-lippspringe.de\/index.php?rest_route=\/wp\/v2\/posts\/1031\/revisions"}],"predecessor-version":[{"id":1044,"href":"https:\/\/musikzug.feuerwehr-bad-lippspringe.de\/index.php?rest_route=\/wp\/v2\/posts\/1031\/revisions\/1044"}],"wp:attachment":[{"href":"https:\/\/musikzug.feuerwehr-bad-lippspringe.de\/index.php?rest_route=%2Fwp%2Fv2%2Fmedia&parent=1031"}],"wp:term":[{"taxonomy":"category","embeddable":true,"href":"https:\/\/musikzug.feuerwehr-bad-lippspringe.de\/index.php?rest_route=%2Fwp%2Fv2%2Fcategories&post=1031"},{"taxonomy":"post_tag","embeddable":true,"href":"https:\/\/musikzug.feuerwehr-bad-lippspringe.de\/index.php?rest_route=%2Fwp%2Fv2%2Ftags&post=1031"}],"curies":[{"name":"wp","href":"https:\/\/api.w.org\/{rel}","templated":true}]}}